{"id":761,"date":"2021-03-06T11:40:35","date_gmt":"2021-03-06T11:40:35","guid":{"rendered":"https:\/\/initiative-waidmannslust.com\/?p=761"},"modified":"2021-03-06T11:41:19","modified_gmt":"2021-03-06T11:41:19","slug":"waidmannslust-im-maerz","status":"publish","type":"post","link":"https:\/\/initiative-waidmannslust.com\/index.php\/waidmannslust-im-maerz\/","title":{"rendered":"Waidmannslust im M\u00e4rz"},"content":{"rendered":"\n<p>Liebe Waidmannsluster und Nachbarn,liebe Freunde und F\u00f6rderer der K\u00f6nigin-Luise-Kirche,&nbsp;dieser &#8222;Newsletter&#8220; ist eine Erg\u00e4nzung zu dem in der Vorwoche verschickten:<\/p>\n\n\n\n<p>Einige Empf\u00e4nger hatten Schwierigkeiten, \u00fcber die Links zu #SoundCloud sich die eingespielten Orgelst\u00fccke anzuh\u00f6ren. Daher f\u00fcge ich den folgenden Link ein, mit dem Sie garantiert in den Genuss der Orgelmusik kommen m\u00fcssten:<\/p>\n\n\n\n<p><a href=\"https:\/\/222evangelisch.de\/Musik-zum-Anhoeren\" target=\"_blank\" rel=\"noreferrer noopener\">https:\/\/222evangelisch.de\/Musik-zum-Anhoeren<\/a>&#8222;Mehr Sicherheit f\u00fcr RadfahrerInnen und mehr Ruhe f\u00fcr AnwohnerInnen&#8220;: Vom Veranstalter der\u00a0<strong>Fahrrad-Demo<\/strong> am kommenden\u00a0<strong>Samstag, dem 6. M\u00e4rz<\/strong>, der Verein Changing Cities, wurde mir mitgeteilt, dass der Start um 1 Stunde auf\u00a0<strong>14.00 Uhr vorverlegt<\/strong>\u00a0worden ist. Treffpunkt bleibt der S-Bahnhof Waidmannslust.\u00a0In Zusammenarbeit mit dem Museum Reinickendorf konnte die historische Fotostrecke \u00fcber Waidmannslust auf der Internetpr\u00e4senz der Initiative Waidmannslust erheblich erweitert werden. Hochinteressante Ansichten erwarten Sie auf\u00a0<a href=\"https:\/\/initiative-waidmannslust.com\/index.php\/unterwegs-in-waidmannslust\/\" target=\"_blank\" rel=\"noreferrer noopener\">https:\/\/initiative-waidmannslust.com\/index.php\/unterwegs-in-waidmannslust\/<\/a>\u00a0Viel Freude beim Eintauchen in das alte Waidmannslust w\u00fcnscht Ihnen\u00a0mit herzlichen Gr\u00fc\u00dfen<\/p>\n\n\n\n<p>Ihr Wolfgang Nieschalk<br><em>f\u00fcr den F\u00f6rderverein der K\u00f6nigin-Luise-Kirche<br>und f\u00fcr die Initiative Waidmannslust<\/em><\/p>\n\n\n\n<p>(Foto Pixabay)<\/p>\n","protected":false},"excerpt":{"rendered":"<p>Liebe Waidmannsluster und Nachbarn,liebe Freunde und F\u00f6rderer der K\u00f6nigin-Luise-Kirche,&nbsp;dieser &#8222;Newsletter&#8220; &hellip; <\/p>\n","protected":false},"author":1,"featured_media":75,"comment_status":"closed","ping_status":"open","sticky":false,"template":"","format":"standard","meta":{"_bbp_topic_count":0,"_bbp_reply_count":0,"_bbp_total_topic_count":0,"_bbp_total_reply_count":0,"_bbp_voice_count":0,"_bbp_anonymous_reply_count":0,"_bbp_topic_count_hidden":0,"_bbp_reply_count_hidden":0,"_bbp_forum_subforum_count":0,"footnotes":""},"categories":[13],"tags":[],"class_list":["post-761","post","type-post","status-publish","format-standard","has-post-thumbnail","hentry","category-newsletter"],"yoast_head":"<!-- This site is optimized with the Yoast SEO plugin v27.5 - https:\/\/yoast.com\/product\/yoast-seo-wordpress\/ -->\n<title>Waidmannslust im M\u00e4rz - Initiative-Waidmannslust<\/title>\n<meta name=\"description\" content=\"Die Initiative Waidmannslust wurde bereits im Jahre 2013 mit dem Ziel gegr\u00fcndet, Waidmannslust (wieder) zu einem l(i)ebenswerten Ortsteil zu machen. Wir sind parteipolitisch neutral und verstehen uns als Forum interessierter B\u00fcrger, denen die Lebensqualit\u00e4t unseres Ortsteils am Herzen liegt. Wir diskutieren mit Investoren, Eigent\u00fcmern, Nachbarn und Vertretern der Politik und der Verwaltung und wollen uns f\u00fcr L\u00f6sungen von Problemen einsetzen. Hierzu arbeiten wir auch mit anderen Initiativen und \u00f6ffentlichen Einrichtungen zusammen.\" \/>\n<meta name=\"robots\" content=\"index, follow, max-snippet:-1, max-image-preview:large, max-video-preview:-1\" \/>\n<link rel=\"canonical\" href=\"https:\/\/initiative-waidmannslust.com\/index.php\/waidmannslust-im-maerz\/\" \/>\n<meta property=\"og:locale\" content=\"de_DE\" \/>\n<meta property=\"og:type\" content=\"article\" \/>\n<meta property=\"og:title\" content=\"Waidmannslust im M\u00e4rz - Initiative-Waidmannslust\" \/>\n<meta property=\"og:description\" content=\"Die Initiative Waidmannslust wurde bereits im Jahre 2013 mit dem Ziel gegr\u00fcndet, Waidmannslust (wieder) zu einem l(i)ebenswerten Ortsteil zu machen. Wir sind parteipolitisch neutral und verstehen uns als Forum interessierter B\u00fcrger, denen die Lebensqualit\u00e4t unseres Ortsteils am Herzen liegt. Wir diskutieren mit Investoren, Eigent\u00fcmern, Nachbarn und Vertretern der Politik und der Verwaltung und wollen uns f\u00fcr L\u00f6sungen von Problemen einsetzen. Hierzu arbeiten wir auch mit anderen Initiativen und \u00f6ffentlichen Einrichtungen zusammen.\" \/>\n<meta property=\"og:url\" content=\"https:\/\/initiative-waidmannslust.com\/index.php\/waidmannslust-im-maerz\/\" \/>\n<meta property=\"og:site_name\" content=\"Initiative-Waidmannslust\" \/>\n<meta property=\"article:published_time\" content=\"2021-03-06T11:40:35+00:00\" \/>\n<meta property=\"article:modified_time\" content=\"2021-03-06T11:41:19+00:00\" \/>\n<meta property=\"og:image\" content=\"https:\/\/initiative-waidmannslust.com\/wp-content\/uploads\/2020\/01\/newspaper-1746350_1920.jpg\" \/>\n\t<meta property=\"og:image:width\" content=\"1920\" \/>\n\t<meta property=\"og:image:height\" content=\"1280\" \/>\n\t<meta property=\"og:image:type\" content=\"image\/jpeg\" \/>\n<meta name=\"author\" content=\"SW\" \/>\n<meta name=\"twitter:card\" content=\"summary_large_image\" \/>\n<meta name=\"twitter:label1\" content=\"Verfasst von\" \/>\n\t<meta name=\"twitter:data1\" content=\"SW\" \/>\n\t<meta name=\"twitter:label2\" content=\"Gesch\u00e4tzte Lesezeit\" \/>\n\t<meta name=\"twitter:data2\" content=\"1\u00a0Minute\" \/>\n<script type=\"application\/ld+json\" class=\"yoast-schema-graph\">{\"@context\":\"https:\\\/\\\/schema.org\",\"@graph\":[{\"@type\":\"Article\",\"@id\":\"https:\\\/\\\/initiative-waidmannslust.com\\\/index.php\\\/waidmannslust-im-maerz\\\/#article\",\"isPartOf\":{\"@id\":\"https:\\\/\\\/initiative-waidmannslust.com\\\/index.php\\\/waidmannslust-im-maerz\\\/\"},\"author\":{\"name\":\"SW\",\"@id\":\"https:\\\/\\\/initiative-waidmannslust.com\\\/#\\\/schema\\\/person\\\/d747dc0ddc4ee661e900204e0d6adf9c\"},\"headline\":\"Waidmannslust im M\u00e4rz\",\"datePublished\":\"2021-03-06T11:40:35+00:00\",\"dateModified\":\"2021-03-06T11:41:19+00:00\",\"mainEntityOfPage\":{\"@id\":\"https:\\\/\\\/initiative-waidmannslust.com\\\/index.php\\\/waidmannslust-im-maerz\\\/\"},\"wordCount\":179,\"publisher\":{\"@id\":\"https:\\\/\\\/initiative-waidmannslust.com\\\/#organization\"},\"image\":{\"@id\":\"https:\\\/\\\/initiative-waidmannslust.com\\\/index.php\\\/waidmannslust-im-maerz\\\/#primaryimage\"},\"thumbnailUrl\":\"https:\\\/\\\/initiative-waidmannslust.com\\\/wp-content\\\/uploads\\\/2020\\\/01\\\/newspaper-1746350_1920.jpg\",\"articleSection\":[\"Newsletter\"],\"inLanguage\":\"de\"},{\"@type\":\"WebPage\",\"@id\":\"https:\\\/\\\/initiative-waidmannslust.com\\\/index.php\\\/waidmannslust-im-maerz\\\/\",\"url\":\"https:\\\/\\\/initiative-waidmannslust.com\\\/index.php\\\/waidmannslust-im-maerz\\\/\",\"name\":\"Waidmannslust im M\u00e4rz - Initiative-Waidmannslust\",\"isPartOf\":{\"@id\":\"https:\\\/\\\/initiative-waidmannslust.com\\\/#website\"},\"primaryImageOfPage\":{\"@id\":\"https:\\\/\\\/initiative-waidmannslust.com\\\/index.php\\\/waidmannslust-im-maerz\\\/#primaryimage\"},\"image\":{\"@id\":\"https:\\\/\\\/initiative-waidmannslust.com\\\/index.php\\\/waidmannslust-im-maerz\\\/#primaryimage\"},\"thumbnailUrl\":\"https:\\\/\\\/initiative-waidmannslust.com\\\/wp-content\\\/uploads\\\/2020\\\/01\\\/newspaper-1746350_1920.jpg\",\"datePublished\":\"2021-03-06T11:40:35+00:00\",\"dateModified\":\"2021-03-06T11:41:19+00:00\",\"description\":\"Die Initiative Waidmannslust wurde bereits im Jahre 2013 mit dem Ziel gegr\u00fcndet, Waidmannslust (wieder) zu einem l(i)ebenswerten Ortsteil zu machen. Wir sind parteipolitisch neutral und verstehen uns als Forum interessierter B\u00fcrger, denen die Lebensqualit\u00e4t unseres Ortsteils am Herzen liegt. Wir diskutieren mit Investoren, Eigent\u00fcmern, Nachbarn und Vertretern der Politik und der Verwaltung und wollen uns f\u00fcr L\u00f6sungen von Problemen einsetzen. Hierzu arbeiten wir auch mit anderen Initiativen und \u00f6ffentlichen Einrichtungen zusammen.\",\"breadcrumb\":{\"@id\":\"https:\\\/\\\/initiative-waidmannslust.com\\\/index.php\\\/waidmannslust-im-maerz\\\/#breadcrumb\"},\"inLanguage\":\"de\",\"potentialAction\":[{\"@type\":\"ReadAction\",\"target\":[\"https:\\\/\\\/initiative-waidmannslust.com\\\/index.php\\\/waidmannslust-im-maerz\\\/\"]}]},{\"@type\":\"ImageObject\",\"inLanguage\":\"de\",\"@id\":\"https:\\\/\\\/initiative-waidmannslust.com\\\/index.php\\\/waidmannslust-im-maerz\\\/#primaryimage\",\"url\":\"https:\\\/\\\/initiative-waidmannslust.com\\\/wp-content\\\/uploads\\\/2020\\\/01\\\/newspaper-1746350_1920.jpg\",\"contentUrl\":\"https:\\\/\\\/initiative-waidmannslust.com\\\/wp-content\\\/uploads\\\/2020\\\/01\\\/newspaper-1746350_1920.jpg\",\"width\":1920,\"height\":1280,\"caption\":\"(Foto Pixabay)\"},{\"@type\":\"BreadcrumbList\",\"@id\":\"https:\\\/\\\/initiative-waidmannslust.com\\\/index.php\\\/waidmannslust-im-maerz\\\/#breadcrumb\",\"itemListElement\":[{\"@type\":\"ListItem\",\"position\":1,\"name\":\"Startseite\",\"item\":\"https:\\\/\\\/initiative-waidmannslust.com\\\/\"},{\"@type\":\"ListItem\",\"position\":2,\"name\":\"Waidmannslust im M\u00e4rz\"}]},{\"@type\":\"WebSite\",\"@id\":\"https:\\\/\\\/initiative-waidmannslust.com\\\/#website\",\"url\":\"https:\\\/\\\/initiative-waidmannslust.com\\\/\",\"name\":\"Initiative-Waidmannslust\",\"description\":\"\",\"publisher\":{\"@id\":\"https:\\\/\\\/initiative-waidmannslust.com\\\/#organization\"},\"potentialAction\":[{\"@type\":\"SearchAction\",\"target\":{\"@type\":\"EntryPoint\",\"urlTemplate\":\"https:\\\/\\\/initiative-waidmannslust.com\\\/?s={search_term_string}\"},\"query-input\":{\"@type\":\"PropertyValueSpecification\",\"valueRequired\":true,\"valueName\":\"search_term_string\"}}],\"inLanguage\":\"de\"},{\"@type\":\"Organization\",\"@id\":\"https:\\\/\\\/initiative-waidmannslust.com\\\/#organization\",\"name\":\"Initiative Waidmannslust\",\"url\":\"https:\\\/\\\/initiative-waidmannslust.com\\\/\",\"logo\":{\"@type\":\"ImageObject\",\"inLanguage\":\"de\",\"@id\":\"https:\\\/\\\/initiative-waidmannslust.com\\\/#\\\/schema\\\/logo\\\/image\\\/\",\"url\":\"https:\\\/\\\/initiative-waidmannslust.com\\\/wp-content\\\/uploads\\\/2020\\\/01\\\/cropped-Logo-3.png\",\"contentUrl\":\"https:\\\/\\\/initiative-waidmannslust.com\\\/wp-content\\\/uploads\\\/2020\\\/01\\\/cropped-Logo-3.png\",\"width\":200,\"height\":52,\"caption\":\"Initiative Waidmannslust\"},\"image\":{\"@id\":\"https:\\\/\\\/initiative-waidmannslust.com\\\/#\\\/schema\\\/logo\\\/image\\\/\"}},{\"@type\":\"Person\",\"@id\":\"https:\\\/\\\/initiative-waidmannslust.com\\\/#\\\/schema\\\/person\\\/d747dc0ddc4ee661e900204e0d6adf9c\",\"name\":\"SW\",\"url\":\"https:\\\/\\\/initiative-waidmannslust.com\\\/index.php\\\/author\\\/sebastian\\\/\"}]}<\/script>\n<!-- \/ Yoast SEO plugin. -->","yoast_head_json":{"title":"Waidmannslust im M\u00e4rz - Initiative-Waidmannslust","description":"Die Initiative Waidmannslust wurde bereits im Jahre 2013 mit dem Ziel gegr\u00fcndet, Waidmannslust (wieder) zu einem l(i)ebenswerten Ortsteil zu machen. Wir sind parteipolitisch neutral und verstehen uns als Forum interessierter B\u00fcrger, denen die Lebensqualit\u00e4t unseres Ortsteils am Herzen liegt. Wir diskutieren mit Investoren, Eigent\u00fcmern, Nachbarn und Vertretern der Politik und der Verwaltung und wollen uns f\u00fcr L\u00f6sungen von Problemen einsetzen. Hierzu arbeiten wir auch mit anderen Initiativen und \u00f6ffentlichen Einrichtungen zusammen.","robots":{"index":"index","follow":"follow","max-snippet":"max-snippet:-1","max-image-preview":"max-image-preview:large","max-video-preview":"max-video-preview:-1"},"canonical":"https:\/\/initiative-waidmannslust.com\/index.php\/waidmannslust-im-maerz\/","og_locale":"de_DE","og_type":"article","og_title":"Waidmannslust im M\u00e4rz - Initiative-Waidmannslust","og_description":"Die Initiative Waidmannslust wurde bereits im Jahre 2013 mit dem Ziel gegr\u00fcndet, Waidmannslust (wieder) zu einem l(i)ebenswerten Ortsteil zu machen. Wir sind parteipolitisch neutral und verstehen uns als Forum interessierter B\u00fcrger, denen die Lebensqualit\u00e4t unseres Ortsteils am Herzen liegt. Wir diskutieren mit Investoren, Eigent\u00fcmern, Nachbarn und Vertretern der Politik und der Verwaltung und wollen uns f\u00fcr L\u00f6sungen von Problemen einsetzen. Hierzu arbeiten wir auch mit anderen Initiativen und \u00f6ffentlichen Einrichtungen zusammen.","og_url":"https:\/\/initiative-waidmannslust.com\/index.php\/waidmannslust-im-maerz\/","og_site_name":"Initiative-Waidmannslust","article_published_time":"2021-03-06T11:40:35+00:00","article_modified_time":"2021-03-06T11:41:19+00:00","og_image":[{"width":1920,"height":1280,"url":"https:\/\/initiative-waidmannslust.com\/wp-content\/uploads\/2020\/01\/newspaper-1746350_1920.jpg","type":"image\/jpeg"}],"author":"SW","twitter_card":"summary_large_image","twitter_misc":{"Verfasst von":"SW","Gesch\u00e4tzte Lesezeit":"1\u00a0Minute"},"schema":{"@context":"https:\/\/schema.org","@graph":[{"@type":"Article","@id":"https:\/\/initiative-waidmannslust.com\/index.php\/waidmannslust-im-maerz\/#article","isPartOf":{"@id":"https:\/\/initiative-waidmannslust.com\/index.php\/waidmannslust-im-maerz\/"},"author":{"name":"SW","@id":"https:\/\/initiative-waidmannslust.com\/#\/schema\/person\/d747dc0ddc4ee661e900204e0d6adf9c"},"headline":"Waidmannslust im M\u00e4rz","datePublished":"2021-03-06T11:40:35+00:00","dateModified":"2021-03-06T11:41:19+00:00","mainEntityOfPage":{"@id":"https:\/\/initiative-waidmannslust.com\/index.php\/waidmannslust-im-maerz\/"},"wordCount":179,"publisher":{"@id":"https:\/\/initiative-waidmannslust.com\/#organization"},"image":{"@id":"https:\/\/initiative-waidmannslust.com\/index.php\/waidmannslust-im-maerz\/#primaryimage"},"thumbnailUrl":"https:\/\/initiative-waidmannslust.com\/wp-content\/uploads\/2020\/01\/newspaper-1746350_1920.jpg","articleSection":["Newsletter"],"inLanguage":"de"},{"@type":"WebPage","@id":"https:\/\/initiative-waidmannslust.com\/index.php\/waidmannslust-im-maerz\/","url":"https:\/\/initiative-waidmannslust.com\/index.php\/waidmannslust-im-maerz\/","name":"Waidmannslust im M\u00e4rz - Initiative-Waidmannslust","isPartOf":{"@id":"https:\/\/initiative-waidmannslust.com\/#website"},"primaryImageOfPage":{"@id":"https:\/\/initiative-waidmannslust.com\/index.php\/waidmannslust-im-maerz\/#primaryimage"},"image":{"@id":"https:\/\/initiative-waidmannslust.com\/index.php\/waidmannslust-im-maerz\/#primaryimage"},"thumbnailUrl":"https:\/\/initiative-waidmannslust.com\/wp-content\/uploads\/2020\/01\/newspaper-1746350_1920.jpg","datePublished":"2021-03-06T11:40:35+00:00","dateModified":"2021-03-06T11:41:19+00:00","description":"Die Initiative Waidmannslust wurde bereits im Jahre 2013 mit dem Ziel gegr\u00fcndet, Waidmannslust (wieder) zu einem l(i)ebenswerten Ortsteil zu machen. Wir sind parteipolitisch neutral und verstehen uns als Forum interessierter B\u00fcrger, denen die Lebensqualit\u00e4t unseres Ortsteils am Herzen liegt. Wir diskutieren mit Investoren, Eigent\u00fcmern, Nachbarn und Vertretern der Politik und der Verwaltung und wollen uns f\u00fcr L\u00f6sungen von Problemen einsetzen. Hierzu arbeiten wir auch mit anderen Initiativen und \u00f6ffentlichen Einrichtungen zusammen.","breadcrumb":{"@id":"https:\/\/initiative-waidmannslust.com\/index.php\/waidmannslust-im-maerz\/#breadcrumb"},"inLanguage":"de","potentialAction":[{"@type":"ReadAction","target":["https:\/\/initiative-waidmannslust.com\/index.php\/waidmannslust-im-maerz\/"]}]},{"@type":"ImageObject","inLanguage":"de","@id":"https:\/\/initiative-waidmannslust.com\/index.php\/waidmannslust-im-maerz\/#primaryimage","url":"https:\/\/initiative-waidmannslust.com\/wp-content\/uploads\/2020\/01\/newspaper-1746350_1920.jpg","contentUrl":"https:\/\/initiative-waidmannslust.com\/wp-content\/uploads\/2020\/01\/newspaper-1746350_1920.jpg","width":1920,"height":1280,"caption":"(Foto Pixabay)"},{"@type":"BreadcrumbList","@id":"https:\/\/initiative-waidmannslust.com\/index.php\/waidmannslust-im-maerz\/#breadcrumb","itemListElement":[{"@type":"ListItem","position":1,"name":"Startseite","item":"https:\/\/initiative-waidmannslust.com\/"},{"@type":"ListItem","position":2,"name":"Waidmannslust im M\u00e4rz"}]},{"@type":"WebSite","@id":"https:\/\/initiative-waidmannslust.com\/#website","url":"https:\/\/initiative-waidmannslust.com\/","name":"Initiative-Waidmannslust","description":"","publisher":{"@id":"https:\/\/initiative-waidmannslust.com\/#organization"},"potentialAction":[{"@type":"SearchAction","target":{"@type":"EntryPoint","urlTemplate":"https:\/\/initiative-waidmannslust.com\/?s={search_term_string}"},"query-input":{"@type":"PropertyValueSpecification","valueRequired":true,"valueName":"search_term_string"}}],"inLanguage":"de"},{"@type":"Organization","@id":"https:\/\/initiative-waidmannslust.com\/#organization","name":"Initiative Waidmannslust","url":"https:\/\/initiative-waidmannslust.com\/","logo":{"@type":"ImageObject","inLanguage":"de","@id":"https:\/\/initiative-waidmannslust.com\/#\/schema\/logo\/image\/","url":"https:\/\/initiative-waidmannslust.com\/wp-content\/uploads\/2020\/01\/cropped-Logo-3.png","contentUrl":"https:\/\/initiative-waidmannslust.com\/wp-content\/uploads\/2020\/01\/cropped-Logo-3.png","width":200,"height":52,"caption":"Initiative Waidmannslust"},"image":{"@id":"https:\/\/initiative-waidmannslust.com\/#\/schema\/logo\/image\/"}},{"@type":"Person","@id":"https:\/\/initiative-waidmannslust.com\/#\/schema\/person\/d747dc0ddc4ee661e900204e0d6adf9c","name":"SW","url":"https:\/\/initiative-waidmannslust.com\/index.php\/author\/sebastian\/"}]}},"_links":{"self":[{"href":"https:\/\/initiative-waidmannslust.com\/index.php\/wp-json\/wp\/v2\/posts\/761","targetHints":{"allow":["GET"]}}],"collection":[{"href":"https:\/\/initiative-waidmannslust.com\/index.php\/wp-json\/wp\/v2\/posts"}],"about":[{"href":"https:\/\/initiative-waidmannslust.com\/index.php\/wp-json\/wp\/v2\/types\/post"}],"author":[{"embeddable":true,"href":"https:\/\/initiative-waidmannslust.com\/index.php\/wp-json\/wp\/v2\/users\/1"}],"replies":[{"embeddable":true,"href":"https:\/\/initiative-waidmannslust.com\/index.php\/wp-json\/wp\/v2\/comments?post=761"}],"version-history":[{"count":2,"href":"https:\/\/initiative-waidmannslust.com\/index.php\/wp-json\/wp\/v2\/posts\/761\/revisions"}],"predecessor-version":[{"id":763,"href":"https:\/\/initiative-waidmannslust.com\/index.php\/wp-json\/wp\/v2\/posts\/761\/revisions\/763"}],"wp:featuredmedia":[{"embeddable":true,"href":"https:\/\/initiative-waidmannslust.com\/index.php\/wp-json\/wp\/v2\/media\/75"}],"wp:attachment":[{"href":"https:\/\/initiative-waidmannslust.com\/index.php\/wp-json\/wp\/v2\/media?parent=761"}],"wp:term":[{"taxonomy":"category","embeddable":true,"href":"https:\/\/initiative-waidmannslust.com\/index.php\/wp-json\/wp\/v2\/categories?post=761"},{"taxonomy":"post_tag","embeddable":true,"href":"https:\/\/initiative-waidmannslust.com\/index.php\/wp-json\/wp\/v2\/tags?post=761"}],"curies":[{"name":"wp","href":"https:\/\/api.w.org\/{rel}","templated":true}]}}