{"id":1047,"date":"2022-10-06T17:35:38","date_gmt":"2022-10-06T17:35:38","guid":{"rendered":"https:\/\/initiative-waidmannslust.com\/?p=1047"},"modified":"2022-10-06T17:40:09","modified_gmt":"2022-10-06T17:40:09","slug":"bundesverdienstkreuz-fuer-ruth-winkelmann","status":"publish","type":"post","link":"https:\/\/initiative-waidmannslust.com\/index.php\/bundesverdienstkreuz-fuer-ruth-winkelmann\/","title":{"rendered":"Bundesverdienstkreuz f\u00fcr Ruth Winkelmann"},"content":{"rendered":"\n<p>Bundesverdienstkreuz f\u00fcr unsere Waidmannsluster Mitb\u00fcrgerin Ruth Winkelmann.<\/p>\n\n\n\n<p>Am Freitag den 23.09.2022 konnte Ruth Winkelmann den Verdienstorden der Bundesrepublik Deutschland am Bande von der Regierenden B\u00fcrgermeisterin Franziska Giffey in Empfang nehmen.<\/p>\n\n\n\n<p>Und hier ist das Video von der feierlichen Verleihung aus der Abendschau vom 23.09.2022:<\/p>\n\n\n\n<figure class=\"wp-block-video\"><video height=\"720\" style=\"aspect-ratio: 896 \/ 720;\" width=\"896\" controls src=\"https:\/\/initiative-waidmannslust.com\/wp-content\/uploads\/2022\/10\/Video_Bundesverdienstkreuz_fu\u0308r_unsere_Turnkameradin_Ruth_Winkelmann.mp4\"><\/video><\/figure>\n","protected":false},"excerpt":{"rendered":"<p>Bundesverdienstkreuz f\u00fcr unsere Waidmannsluster Mitb\u00fcrgerin Ruth Winkelmann. Am Freitag den &hellip; <\/p>\n","protected":false},"author":1,"featured_media":1002,"comment_status":"closed","ping_status":"open","sticky":false,"template":"","format":"standard","meta":{"_bbp_topic_count":0,"_bbp_reply_count":0,"_bbp_total_topic_count":0,"_bbp_total_reply_count":0,"_bbp_voice_count":0,"_bbp_anonymous_reply_count":0,"_bbp_topic_count_hidden":0,"_bbp_reply_count_hidden":0,"_bbp_forum_subforum_count":0,"footnotes":""},"categories":[1],"tags":[],"class_list":["post-1047","post","type-post","status-publish","format-standard","has-post-thumbnail","hentry","category-allgemein"],"yoast_head":"<!-- This site is optimized with the Yoast SEO plugin v27.5 - https:\/\/yoast.com\/product\/yoast-seo-wordpress\/ -->\n<title>Bundesverdienstkreuz f\u00fcr Ruth Winkelmann - Initiative-Waidmannslust<\/title>\n<meta name=\"description\" content=\"Die Initiative Waidmannslust wurde bereits im Jahre 2013 mit dem Ziel gegr\u00fcndet, Waidmannslust (wieder) zu einem l(i)ebenswerten Ortsteil zu machen. Wir sind parteipolitisch neutral und verstehen uns als Forum interessierter B\u00fcrger, denen die Lebensqualit\u00e4t unseres Ortsteils am Herzen liegt. Wir diskutieren mit Investoren, Eigent\u00fcmern, Nachbarn und Vertretern der Politik und der Verwaltung und wollen uns f\u00fcr L\u00f6sungen von Problemen einsetzen. Hierzu arbeiten wir auch mit anderen Initiativen und \u00f6ffentlichen Einrichtungen zusammen.\" \/>\n<meta name=\"robots\" content=\"index, follow, max-snippet:-1, max-image-preview:large, max-video-preview:-1\" \/>\n<link rel=\"canonical\" href=\"https:\/\/initiative-waidmannslust.com\/index.php\/bundesverdienstkreuz-fuer-ruth-winkelmann\/\" \/>\n<meta property=\"og:locale\" content=\"de_DE\" \/>\n<meta property=\"og:type\" content=\"article\" \/>\n<meta property=\"og:title\" content=\"Bundesverdienstkreuz f\u00fcr Ruth Winkelmann - Initiative-Waidmannslust\" \/>\n<meta property=\"og:description\" content=\"Die Initiative Waidmannslust wurde bereits im Jahre 2013 mit dem Ziel gegr\u00fcndet, Waidmannslust (wieder) zu einem l(i)ebenswerten Ortsteil zu machen. Wir sind parteipolitisch neutral und verstehen uns als Forum interessierter B\u00fcrger, denen die Lebensqualit\u00e4t unseres Ortsteils am Herzen liegt. Wir diskutieren mit Investoren, Eigent\u00fcmern, Nachbarn und Vertretern der Politik und der Verwaltung und wollen uns f\u00fcr L\u00f6sungen von Problemen einsetzen. Hierzu arbeiten wir auch mit anderen Initiativen und \u00f6ffentlichen Einrichtungen zusammen.\" \/>\n<meta property=\"og:url\" content=\"https:\/\/initiative-waidmannslust.com\/index.php\/bundesverdienstkreuz-fuer-ruth-winkelmann\/\" \/>\n<meta property=\"og:site_name\" content=\"Initiative-Waidmannslust\" \/>\n<meta property=\"article:published_time\" content=\"2022-10-06T17:35:38+00:00\" \/>\n<meta property=\"article:modified_time\" content=\"2022-10-06T17:40:09+00:00\" \/>\n<meta property=\"og:image\" content=\"https:\/\/initiative-waidmannslust.com\/wp-content\/uploads\/2022\/04\/Ruth-Winkelmann-2-edited.jpg\" \/>\n\t<meta property=\"og:image:width\" content=\"2479\" \/>\n\t<meta property=\"og:image:height\" content=\"1861\" \/>\n\t<meta property=\"og:image:type\" content=\"image\/jpeg\" \/>\n<meta name=\"author\" content=\"SW\" \/>\n<meta name=\"twitter:card\" content=\"summary_large_image\" \/>\n<meta name=\"twitter:label1\" content=\"Verfasst von\" \/>\n\t<meta name=\"twitter:data1\" content=\"SW\" \/>\n\t<meta name=\"twitter:label2\" content=\"Gesch\u00e4tzte Lesezeit\" \/>\n\t<meta name=\"twitter:data2\" content=\"1\u00a0Minute\" \/>\n<script type=\"application\/ld+json\" class=\"yoast-schema-graph\">{\"@context\":\"https:\\\/\\\/schema.org\",\"@graph\":[{\"@type\":\"Article\",\"@id\":\"https:\\\/\\\/initiative-waidmannslust.com\\\/index.php\\\/bundesverdienstkreuz-fuer-ruth-winkelmann\\\/#article\",\"isPartOf\":{\"@id\":\"https:\\\/\\\/initiative-waidmannslust.com\\\/index.php\\\/bundesverdienstkreuz-fuer-ruth-winkelmann\\\/\"},\"author\":{\"name\":\"SW\",\"@id\":\"https:\\\/\\\/initiative-waidmannslust.com\\\/#\\\/schema\\\/person\\\/d747dc0ddc4ee661e900204e0d6adf9c\"},\"headline\":\"Bundesverdienstkreuz f\u00fcr Ruth Winkelmann\",\"datePublished\":\"2022-10-06T17:35:38+00:00\",\"dateModified\":\"2022-10-06T17:40:09+00:00\",\"mainEntityOfPage\":{\"@id\":\"https:\\\/\\\/initiative-waidmannslust.com\\\/index.php\\\/bundesverdienstkreuz-fuer-ruth-winkelmann\\\/\"},\"wordCount\":50,\"publisher\":{\"@id\":\"https:\\\/\\\/initiative-waidmannslust.com\\\/#organization\"},\"image\":{\"@id\":\"https:\\\/\\\/initiative-waidmannslust.com\\\/index.php\\\/bundesverdienstkreuz-fuer-ruth-winkelmann\\\/#primaryimage\"},\"thumbnailUrl\":\"https:\\\/\\\/initiative-waidmannslust.com\\\/wp-content\\\/uploads\\\/2022\\\/04\\\/Ruth-Winkelmann-2-edited.jpg\",\"articleSection\":[\"Allgemeine Informationen\"],\"inLanguage\":\"de\"},{\"@type\":\"WebPage\",\"@id\":\"https:\\\/\\\/initiative-waidmannslust.com\\\/index.php\\\/bundesverdienstkreuz-fuer-ruth-winkelmann\\\/\",\"url\":\"https:\\\/\\\/initiative-waidmannslust.com\\\/index.php\\\/bundesverdienstkreuz-fuer-ruth-winkelmann\\\/\",\"name\":\"Bundesverdienstkreuz f\u00fcr Ruth Winkelmann - Initiative-Waidmannslust\",\"isPartOf\":{\"@id\":\"https:\\\/\\\/initiative-waidmannslust.com\\\/#website\"},\"primaryImageOfPage\":{\"@id\":\"https:\\\/\\\/initiative-waidmannslust.com\\\/index.php\\\/bundesverdienstkreuz-fuer-ruth-winkelmann\\\/#primaryimage\"},\"image\":{\"@id\":\"https:\\\/\\\/initiative-waidmannslust.com\\\/index.php\\\/bundesverdienstkreuz-fuer-ruth-winkelmann\\\/#primaryimage\"},\"thumbnailUrl\":\"https:\\\/\\\/initiative-waidmannslust.com\\\/wp-content\\\/uploads\\\/2022\\\/04\\\/Ruth-Winkelmann-2-edited.jpg\",\"datePublished\":\"2022-10-06T17:35:38+00:00\",\"dateModified\":\"2022-10-06T17:40:09+00:00\",\"description\":\"Die Initiative Waidmannslust wurde bereits im Jahre 2013 mit dem Ziel gegr\u00fcndet, Waidmannslust (wieder) zu einem l(i)ebenswerten Ortsteil zu machen. Wir sind parteipolitisch neutral und verstehen uns als Forum interessierter B\u00fcrger, denen die Lebensqualit\u00e4t unseres Ortsteils am Herzen liegt. Wir diskutieren mit Investoren, Eigent\u00fcmern, Nachbarn und Vertretern der Politik und der Verwaltung und wollen uns f\u00fcr L\u00f6sungen von Problemen einsetzen. Hierzu arbeiten wir auch mit anderen Initiativen und \u00f6ffentlichen Einrichtungen zusammen.\",\"breadcrumb\":{\"@id\":\"https:\\\/\\\/initiative-waidmannslust.com\\\/index.php\\\/bundesverdienstkreuz-fuer-ruth-winkelmann\\\/#breadcrumb\"},\"inLanguage\":\"de\",\"potentialAction\":[{\"@type\":\"ReadAction\",\"target\":[\"https:\\\/\\\/initiative-waidmannslust.com\\\/index.php\\\/bundesverdienstkreuz-fuer-ruth-winkelmann\\\/\"]}]},{\"@type\":\"ImageObject\",\"inLanguage\":\"de\",\"@id\":\"https:\\\/\\\/initiative-waidmannslust.com\\\/index.php\\\/bundesverdienstkreuz-fuer-ruth-winkelmann\\\/#primaryimage\",\"url\":\"https:\\\/\\\/initiative-waidmannslust.com\\\/wp-content\\\/uploads\\\/2022\\\/04\\\/Ruth-Winkelmann-2-edited.jpg\",\"contentUrl\":\"https:\\\/\\\/initiative-waidmannslust.com\\\/wp-content\\\/uploads\\\/2022\\\/04\\\/Ruth-Winkelmann-2-edited.jpg\",\"width\":2479,\"height\":1861},{\"@type\":\"BreadcrumbList\",\"@id\":\"https:\\\/\\\/initiative-waidmannslust.com\\\/index.php\\\/bundesverdienstkreuz-fuer-ruth-winkelmann\\\/#breadcrumb\",\"itemListElement\":[{\"@type\":\"ListItem\",\"position\":1,\"name\":\"Startseite\",\"item\":\"https:\\\/\\\/initiative-waidmannslust.com\\\/\"},{\"@type\":\"ListItem\",\"position\":2,\"name\":\"Bundesverdienstkreuz f\u00fcr Ruth Winkelmann\"}]},{\"@type\":\"WebSite\",\"@id\":\"https:\\\/\\\/initiative-waidmannslust.com\\\/#website\",\"url\":\"https:\\\/\\\/initiative-waidmannslust.com\\\/\",\"name\":\"Initiative-Waidmannslust\",\"description\":\"\",\"publisher\":{\"@id\":\"https:\\\/\\\/initiative-waidmannslust.com\\\/#organization\"},\"potentialAction\":[{\"@type\":\"SearchAction\",\"target\":{\"@type\":\"EntryPoint\",\"urlTemplate\":\"https:\\\/\\\/initiative-waidmannslust.com\\\/?s={search_term_string}\"},\"query-input\":{\"@type\":\"PropertyValueSpecification\",\"valueRequired\":true,\"valueName\":\"search_term_string\"}}],\"inLanguage\":\"de\"},{\"@type\":\"Organization\",\"@id\":\"https:\\\/\\\/initiative-waidmannslust.com\\\/#organization\",\"name\":\"Initiative Waidmannslust\",\"url\":\"https:\\\/\\\/initiative-waidmannslust.com\\\/\",\"logo\":{\"@type\":\"ImageObject\",\"inLanguage\":\"de\",\"@id\":\"https:\\\/\\\/initiative-waidmannslust.com\\\/#\\\/schema\\\/logo\\\/image\\\/\",\"url\":\"https:\\\/\\\/initiative-waidmannslust.com\\\/wp-content\\\/uploads\\\/2020\\\/01\\\/cropped-Logo-3.png\",\"contentUrl\":\"https:\\\/\\\/initiative-waidmannslust.com\\\/wp-content\\\/uploads\\\/2020\\\/01\\\/cropped-Logo-3.png\",\"width\":200,\"height\":52,\"caption\":\"Initiative Waidmannslust\"},\"image\":{\"@id\":\"https:\\\/\\\/initiative-waidmannslust.com\\\/#\\\/schema\\\/logo\\\/image\\\/\"}},{\"@type\":\"Person\",\"@id\":\"https:\\\/\\\/initiative-waidmannslust.com\\\/#\\\/schema\\\/person\\\/d747dc0ddc4ee661e900204e0d6adf9c\",\"name\":\"SW\",\"url\":\"https:\\\/\\\/initiative-waidmannslust.com\\\/index.php\\\/author\\\/sebastian\\\/\"}]}<\/script>\n<!-- \/ Yoast SEO plugin. -->","yoast_head_json":{"title":"Bundesverdienstkreuz f\u00fcr Ruth Winkelmann - Initiative-Waidmannslust","description":"Die Initiative Waidmannslust wurde bereits im Jahre 2013 mit dem Ziel gegr\u00fcndet, Waidmannslust (wieder) zu einem l(i)ebenswerten Ortsteil zu machen. Wir sind parteipolitisch neutral und verstehen uns als Forum interessierter B\u00fcrger, denen die Lebensqualit\u00e4t unseres Ortsteils am Herzen liegt. Wir diskutieren mit Investoren, Eigent\u00fcmern, Nachbarn und Vertretern der Politik und der Verwaltung und wollen uns f\u00fcr L\u00f6sungen von Problemen einsetzen. Hierzu arbeiten wir auch mit anderen Initiativen und \u00f6ffentlichen Einrichtungen zusammen.","robots":{"index":"index","follow":"follow","max-snippet":"max-snippet:-1","max-image-preview":"max-image-preview:large","max-video-preview":"max-video-preview:-1"},"canonical":"https:\/\/initiative-waidmannslust.com\/index.php\/bundesverdienstkreuz-fuer-ruth-winkelmann\/","og_locale":"de_DE","og_type":"article","og_title":"Bundesverdienstkreuz f\u00fcr Ruth Winkelmann - Initiative-Waidmannslust","og_description":"Die Initiative Waidmannslust wurde bereits im Jahre 2013 mit dem Ziel gegr\u00fcndet, Waidmannslust (wieder) zu einem l(i)ebenswerten Ortsteil zu machen. Wir sind parteipolitisch neutral und verstehen uns als Forum interessierter B\u00fcrger, denen die Lebensqualit\u00e4t unseres Ortsteils am Herzen liegt. Wir diskutieren mit Investoren, Eigent\u00fcmern, Nachbarn und Vertretern der Politik und der Verwaltung und wollen uns f\u00fcr L\u00f6sungen von Problemen einsetzen. Hierzu arbeiten wir auch mit anderen Initiativen und \u00f6ffentlichen Einrichtungen zusammen.","og_url":"https:\/\/initiative-waidmannslust.com\/index.php\/bundesverdienstkreuz-fuer-ruth-winkelmann\/","og_site_name":"Initiative-Waidmannslust","article_published_time":"2022-10-06T17:35:38+00:00","article_modified_time":"2022-10-06T17:40:09+00:00","og_image":[{"width":2479,"height":1861,"url":"https:\/\/initiative-waidmannslust.com\/wp-content\/uploads\/2022\/04\/Ruth-Winkelmann-2-edited.jpg","type":"image\/jpeg"}],"author":"SW","twitter_card":"summary_large_image","twitter_misc":{"Verfasst von":"SW","Gesch\u00e4tzte Lesezeit":"1\u00a0Minute"},"schema":{"@context":"https:\/\/schema.org","@graph":[{"@type":"Article","@id":"https:\/\/initiative-waidmannslust.com\/index.php\/bundesverdienstkreuz-fuer-ruth-winkelmann\/#article","isPartOf":{"@id":"https:\/\/initiative-waidmannslust.com\/index.php\/bundesverdienstkreuz-fuer-ruth-winkelmann\/"},"author":{"name":"SW","@id":"https:\/\/initiative-waidmannslust.com\/#\/schema\/person\/d747dc0ddc4ee661e900204e0d6adf9c"},"headline":"Bundesverdienstkreuz f\u00fcr Ruth Winkelmann","datePublished":"2022-10-06T17:35:38+00:00","dateModified":"2022-10-06T17:40:09+00:00","mainEntityOfPage":{"@id":"https:\/\/initiative-waidmannslust.com\/index.php\/bundesverdienstkreuz-fuer-ruth-winkelmann\/"},"wordCount":50,"publisher":{"@id":"https:\/\/initiative-waidmannslust.com\/#organization"},"image":{"@id":"https:\/\/initiative-waidmannslust.com\/index.php\/bundesverdienstkreuz-fuer-ruth-winkelmann\/#primaryimage"},"thumbnailUrl":"https:\/\/initiative-waidmannslust.com\/wp-content\/uploads\/2022\/04\/Ruth-Winkelmann-2-edited.jpg","articleSection":["Allgemeine Informationen"],"inLanguage":"de"},{"@type":"WebPage","@id":"https:\/\/initiative-waidmannslust.com\/index.php\/bundesverdienstkreuz-fuer-ruth-winkelmann\/","url":"https:\/\/initiative-waidmannslust.com\/index.php\/bundesverdienstkreuz-fuer-ruth-winkelmann\/","name":"Bundesverdienstkreuz f\u00fcr Ruth Winkelmann - Initiative-Waidmannslust","isPartOf":{"@id":"https:\/\/initiative-waidmannslust.com\/#website"},"primaryImageOfPage":{"@id":"https:\/\/initiative-waidmannslust.com\/index.php\/bundesverdienstkreuz-fuer-ruth-winkelmann\/#primaryimage"},"image":{"@id":"https:\/\/initiative-waidmannslust.com\/index.php\/bundesverdienstkreuz-fuer-ruth-winkelmann\/#primaryimage"},"thumbnailUrl":"https:\/\/initiative-waidmannslust.com\/wp-content\/uploads\/2022\/04\/Ruth-Winkelmann-2-edited.jpg","datePublished":"2022-10-06T17:35:38+00:00","dateModified":"2022-10-06T17:40:09+00:00","description":"Die Initiative Waidmannslust wurde bereits im Jahre 2013 mit dem Ziel gegr\u00fcndet, Waidmannslust (wieder) zu einem l(i)ebenswerten Ortsteil zu machen. Wir sind parteipolitisch neutral und verstehen uns als Forum interessierter B\u00fcrger, denen die Lebensqualit\u00e4t unseres Ortsteils am Herzen liegt. Wir diskutieren mit Investoren, Eigent\u00fcmern, Nachbarn und Vertretern der Politik und der Verwaltung und wollen uns f\u00fcr L\u00f6sungen von Problemen einsetzen. Hierzu arbeiten wir auch mit anderen Initiativen und \u00f6ffentlichen Einrichtungen zusammen.","breadcrumb":{"@id":"https:\/\/initiative-waidmannslust.com\/index.php\/bundesverdienstkreuz-fuer-ruth-winkelmann\/#breadcrumb"},"inLanguage":"de","potentialAction":[{"@type":"ReadAction","target":["https:\/\/initiative-waidmannslust.com\/index.php\/bundesverdienstkreuz-fuer-ruth-winkelmann\/"]}]},{"@type":"ImageObject","inLanguage":"de","@id":"https:\/\/initiative-waidmannslust.com\/index.php\/bundesverdienstkreuz-fuer-ruth-winkelmann\/#primaryimage","url":"https:\/\/initiative-waidmannslust.com\/wp-content\/uploads\/2022\/04\/Ruth-Winkelmann-2-edited.jpg","contentUrl":"https:\/\/initiative-waidmannslust.com\/wp-content\/uploads\/2022\/04\/Ruth-Winkelmann-2-edited.jpg","width":2479,"height":1861},{"@type":"BreadcrumbList","@id":"https:\/\/initiative-waidmannslust.com\/index.php\/bundesverdienstkreuz-fuer-ruth-winkelmann\/#breadcrumb","itemListElement":[{"@type":"ListItem","position":1,"name":"Startseite","item":"https:\/\/initiative-waidmannslust.com\/"},{"@type":"ListItem","position":2,"name":"Bundesverdienstkreuz f\u00fcr Ruth Winkelmann"}]},{"@type":"WebSite","@id":"https:\/\/initiative-waidmannslust.com\/#website","url":"https:\/\/initiative-waidmannslust.com\/","name":"Initiative-Waidmannslust","description":"","publisher":{"@id":"https:\/\/initiative-waidmannslust.com\/#organization"},"potentialAction":[{"@type":"SearchAction","target":{"@type":"EntryPoint","urlTemplate":"https:\/\/initiative-waidmannslust.com\/?s={search_term_string}"},"query-input":{"@type":"PropertyValueSpecification","valueRequired":true,"valueName":"search_term_string"}}],"inLanguage":"de"},{"@type":"Organization","@id":"https:\/\/initiative-waidmannslust.com\/#organization","name":"Initiative Waidmannslust","url":"https:\/\/initiative-waidmannslust.com\/","logo":{"@type":"ImageObject","inLanguage":"de","@id":"https:\/\/initiative-waidmannslust.com\/#\/schema\/logo\/image\/","url":"https:\/\/initiative-waidmannslust.com\/wp-content\/uploads\/2020\/01\/cropped-Logo-3.png","contentUrl":"https:\/\/initiative-waidmannslust.com\/wp-content\/uploads\/2020\/01\/cropped-Logo-3.png","width":200,"height":52,"caption":"Initiative Waidmannslust"},"image":{"@id":"https:\/\/initiative-waidmannslust.com\/#\/schema\/logo\/image\/"}},{"@type":"Person","@id":"https:\/\/initiative-waidmannslust.com\/#\/schema\/person\/d747dc0ddc4ee661e900204e0d6adf9c","name":"SW","url":"https:\/\/initiative-waidmannslust.com\/index.php\/author\/sebastian\/"}]}},"_links":{"self":[{"href":"https:\/\/initiative-waidmannslust.com\/index.php\/wp-json\/wp\/v2\/posts\/1047","targetHints":{"allow":["GET"]}}],"collection":[{"href":"https:\/\/initiative-waidmannslust.com\/index.php\/wp-json\/wp\/v2\/posts"}],"about":[{"href":"https:\/\/initiative-waidmannslust.com\/index.php\/wp-json\/wp\/v2\/types\/post"}],"author":[{"embeddable":true,"href":"https:\/\/initiative-waidmannslust.com\/index.php\/wp-json\/wp\/v2\/users\/1"}],"replies":[{"embeddable":true,"href":"https:\/\/initiative-waidmannslust.com\/index.php\/wp-json\/wp\/v2\/comments?post=1047"}],"version-history":[{"count":2,"href":"https:\/\/initiative-waidmannslust.com\/index.php\/wp-json\/wp\/v2\/posts\/1047\/revisions"}],"predecessor-version":[{"id":1050,"href":"https:\/\/initiative-waidmannslust.com\/index.php\/wp-json\/wp\/v2\/posts\/1047\/revisions\/1050"}],"wp:featuredmedia":[{"embeddable":true,"href":"https:\/\/initiative-waidmannslust.com\/index.php\/wp-json\/wp\/v2\/media\/1002"}],"wp:attachment":[{"href":"https:\/\/initiative-waidmannslust.com\/index.php\/wp-json\/wp\/v2\/media?parent=1047"}],"wp:term":[{"taxonomy":"category","embeddable":true,"href":"https:\/\/initiative-waidmannslust.com\/index.php\/wp-json\/wp\/v2\/categories?post=1047"},{"taxonomy":"post_tag","embeddable":true,"href":"https:\/\/initiative-waidmannslust.com\/index.php\/wp-json\/wp\/v2\/tags?post=1047"}],"curies":[{"name":"wp","href":"https:\/\/api.w.org\/{rel}","templated":true}]}}